{"id":924,"date":"2021-02-15T12:52:04","date_gmt":"2021-02-15T15:52:04","guid":{"rendered":"https:\/\/www.bzh.adv.br\/site\/2021\/02\/15\/porta-magna-integer-tellus\/"},"modified":"2021-12-06T16:49:00","modified_gmt":"2021-12-06T19:49:00","slug":"plano-de-saude-indenizara-cliente-apos-negar-tratamento-para-cancer","status":"publish","type":"post","link":"https:\/\/www.bzh.adv.br\/site\/2021\/02\/15\/plano-de-saude-indenizara-cliente-apos-negar-tratamento-para-cancer\/","title":{"rendered":"Plano de sa\u00fade indenizar\u00e1 cliente ap\u00f3s negar tratamento para c\u00e2ncer"},"content":{"rendered":"\r\n<p>\u201c<em>Diante da ang\u00fastia, do sofrimento, e da intranquilidade a que foi submetido<\/em>\u201d um paciente que teve seu pedido negado por uma rede de planos de sa\u00fade para tratamento de c\u00e2ncer, a 3\u00aa c\u00e2mara de Direito Civil do TJ\/SC manteve,\u00a0por unanimidade,\u00a0decis\u00e3o que condenou a rede a pagar R$ 10 mil de indeniza\u00e7\u00e3o por danos morais ao paciente.<\/p>\r\n<p><strong>O caso<\/strong><\/p>\r\n<p>O paciente narrou que \u00e9 benefici\u00e1rio do plano de sa\u00fade, o qual prev\u00ea assist\u00eancia ambulatorial e hospitalar. Ap\u00f3s atendimento emergencial em julho de 2015, foi diagnosticado com c\u00e2ncer de c\u00f3lon n\u00edvel 4, sendo submetido a cirurgia de urg\u00eancia e realizando quimioterapia at\u00e9 janeiro de 2017.<\/p>\r\n<p>Ap\u00f3s passar por novos exames, foi constatada a exist\u00eancia de outro tumor, com indica\u00e7\u00e3o pelo m\u00e9dico especialista de retirada atrav\u00e9s de Hipec \u2013 Quimioterapia Hipert\u00e9rmica\u00a0Intraperitoneal durante cirurgia, procedimento esse cuja cobertura foi negada pela rede.<\/p>\r\n<p>A operadora de plano de sa\u00fade contestou, alegando que o plano contratado n\u00e3o contempla procedimentos n\u00e3o inclusos no denominado \u201crol de procedimentos e eventos em sa\u00fade\u201d editado pela ANS \u2013 Ag\u00eancia Nacional de Sa\u00fade Suplementar, n\u00e3o sendo obrigat\u00f3ria a cobertura do tratamento. Negou, ainda, ser situa\u00e7\u00e3o de urg\u00eancia, e afirmou que a responsabilidade da rede n\u00e3o \u00e9 ilimitada.<\/p>\r\n<p><strong>Dano moral<\/strong><\/p>\r\n<p>Relator, o desembargador Marcus Tulio Sartorato entendeu que a situa\u00e7\u00e3o necessita de repara\u00e7\u00e3o por dano moral, pois o cliente sofreu muito mais que um simples aborrecimento, levando em conta a gravidade do quadro cl\u00ednico apresentado e que teria a probabilidade de n\u00e3o obter \u00eaxito no tratamento caso n\u00e3o fosse realizado no momento adequado.<\/p>\r\n<p>O relator destacou que, quando o cliente mais precisou dos benef\u00edcios contratados, a rede se negou a fornec\u00ea-los.<\/p>\r\n<p><em>\u201cQuando o plano de sa\u00fade contratado abrange a possibilidade de tratamento quimioter\u00e1pico, n\u00e3o h\u00e1 raz\u00e3o que justifique a negativa da utiliza\u00e7\u00e3o dos medicamentos que assegurem ao enfermo maior efici\u00eancia esperan\u00e7a de dias melhores, pois se existe a possibilidade de melhora na sa\u00fade do paciente, por certo, o procedimento n\u00e3o pode ser negado ao argumento de n\u00e3o estar previsto no rol da ANS.\u201d\u00a0<\/em><\/p>\r\n<p>O julgamento teve a participa\u00e7\u00e3o dos desembargadores Fernando Carioni e Haid\u00e9e Denise Grin.<\/p>\r\n<ul>\r\n<li>Processo:\u00a00318913-04.2017.8.24.0038<\/li>\r\n<\/ul>\r\n","protected":false},"excerpt":{"rendered":"<p>\u201cDiante da ang\u00fastia, do sofrimento, e da intranquilidade a que foi submetido\u201d um paciente que teve seu pedido negado por uma rede de planos de sa\u00fade para tratamento de c\u00e2ncer, a 3\u00aa c\u00e2mara de Direito Civil do TJ\/SC manteve,\u00a0por unanimidade,\u00a0decis\u00e3o que condenou a rede a pagar R$ 10 mil de indeniza\u00e7\u00e3o por danos morais ao &hellip;<\/p>\n<p class=\"read-more\"> <a class=\"\" href=\"https:\/\/www.bzh.adv.br\/site\/2021\/02\/15\/plano-de-saude-indenizara-cliente-apos-negar-tratamento-para-cancer\/\"> <span class=\"screen-reader-text\">Plano de sa\u00fade indenizar\u00e1 cliente ap\u00f3s negar tratamento para c\u00e2ncer<\/span> Leia mais &raquo;<\/a><\/p>\n","protected":false},"author":2,"featured_media":1742,"comment_status":"open","ping_status":"open","sticky":false,"template":"","format":"standard","meta":{"footnotes":""},"categories":[17,19,30],"tags":[26,31],"class_list":["post-924","post","type-post","status-publish","format-standard","has-post-thumbnail","hentry","category-direito-civil","category-direito-do-consumidor","category-direito-medico","tag-medico","tag-tratamento-medico"],"yoast_head":"<!-- This site is optimized with the Yoast SEO plugin v18.1 - https:\/\/yoast.com\/wordpress\/plugins\/seo\/ -->\n<title>Plano de sa\u00fade indenizar\u00e1 cliente ap\u00f3s negar tratamento para c\u00e2ncer - BZH<\/title>\n<meta name=\"robots\" content=\"index, follow, max-snippet:-1, max-image-preview:large, max-video-preview:-1\" \/>\n<link rel=\"canonical\" href=\"https:\/\/www.bzh.adv.br\/site\/2021\/02\/15\/plano-de-saude-indenizara-cliente-apos-negar-tratamento-para-cancer\/\" \/>\n<meta property=\"og:locale\" content=\"pt_BR\" \/>\n<meta property=\"og:type\" content=\"article\" \/>\n<meta property=\"og:title\" content=\"Plano de sa\u00fade indenizar\u00e1 cliente ap\u00f3s negar tratamento para c\u00e2ncer - BZH\" \/>\n<meta property=\"og:description\" content=\"\u201cDiante da ang\u00fastia, do sofrimento, e da intranquilidade a que foi submetido\u201d um paciente que teve seu pedido negado por uma rede de planos de sa\u00fade para tratamento de c\u00e2ncer, a 3\u00aa c\u00e2mara de Direito Civil do TJ\/SC manteve,\u00a0por unanimidade,\u00a0decis\u00e3o que condenou a rede a pagar R$ 10 mil de indeniza\u00e7\u00e3o por danos morais ao &hellip; Plano de sa\u00fade indenizar\u00e1 cliente ap\u00f3s negar tratamento para c\u00e2ncer Leia mais &raquo;\" \/>\n<meta property=\"og:url\" content=\"https:\/\/www.bzh.adv.br\/site\/2021\/02\/15\/plano-de-saude-indenizara-cliente-apos-negar-tratamento-para-cancer\/\" \/>\n<meta property=\"og:site_name\" content=\"BZH\" \/>\n<meta property=\"article:published_time\" content=\"2021-02-15T15:52:04+00:00\" \/>\n<meta property=\"article:modified_time\" content=\"2021-12-06T19:49:00+00:00\" \/>\n<meta property=\"og:image\" content=\"https:\/\/www.bzh.adv.br\/site\/wp-content\/uploads\/2021\/02\/plano.jpg\" \/>\n\t<meta property=\"og:image:width\" content=\"900\" \/>\n\t<meta property=\"og:image:height\" content=\"350\" \/>\n\t<meta property=\"og:image:type\" content=\"image\/jpeg\" \/>\n<meta name=\"twitter:card\" content=\"summary_large_image\" \/>\n<meta name=\"twitter:label1\" content=\"Escrito por\" \/>\n\t<meta name=\"twitter:data1\" content=\"Dr.Flaviano Tauscheck\" \/>\n\t<meta name=\"twitter:label2\" content=\"Est. tempo de leitura\" \/>\n\t<meta name=\"twitter:data2\" content=\"2 minutos\" \/>\n<script type=\"application\/ld+json\" class=\"yoast-schema-graph\">{\"@context\":\"https:\/\/schema.org\",\"@graph\":[{\"@type\":\"WebSite\",\"@id\":\"https:\/\/www.bzh.adv.br\/site\/#website\",\"url\":\"https:\/\/www.bzh.adv.br\/site\/\",\"name\":\"BZH\",\"description\":\"advogados\",\"potentialAction\":[{\"@type\":\"SearchAction\",\"target\":{\"@type\":\"EntryPoint\",\"urlTemplate\":\"https:\/\/www.bzh.adv.br\/site\/?s={search_term_string}\"},\"query-input\":\"required name=search_term_string\"}],\"inLanguage\":\"pt-BR\"},{\"@type\":\"ImageObject\",\"@id\":\"https:\/\/www.bzh.adv.br\/site\/2021\/02\/15\/plano-de-saude-indenizara-cliente-apos-negar-tratamento-para-cancer\/#primaryimage\",\"inLanguage\":\"pt-BR\",\"url\":\"https:\/\/www.bzh.adv.br\/site\/wp-content\/uploads\/2021\/02\/plano.jpg\",\"contentUrl\":\"https:\/\/www.bzh.adv.br\/site\/wp-content\/uploads\/2021\/02\/plano.jpg\",\"width\":900,\"height\":350},{\"@type\":\"WebPage\",\"@id\":\"https:\/\/www.bzh.adv.br\/site\/2021\/02\/15\/plano-de-saude-indenizara-cliente-apos-negar-tratamento-para-cancer\/#webpage\",\"url\":\"https:\/\/www.bzh.adv.br\/site\/2021\/02\/15\/plano-de-saude-indenizara-cliente-apos-negar-tratamento-para-cancer\/\",\"name\":\"Plano de sa\u00fade indenizar\u00e1 cliente ap\u00f3s negar tratamento para c\u00e2ncer - BZH\",\"isPartOf\":{\"@id\":\"https:\/\/www.bzh.adv.br\/site\/#website\"},\"primaryImageOfPage\":{\"@id\":\"https:\/\/www.bzh.adv.br\/site\/2021\/02\/15\/plano-de-saude-indenizara-cliente-apos-negar-tratamento-para-cancer\/#primaryimage\"},\"datePublished\":\"2021-02-15T15:52:04+00:00\",\"dateModified\":\"2021-12-06T19:49:00+00:00\",\"author\":{\"@id\":\"https:\/\/www.bzh.adv.br\/site\/#\/schema\/person\/4ed5a2a10039d4b30c796b0478e7fa3a\"},\"breadcrumb\":{\"@id\":\"https:\/\/www.bzh.adv.br\/site\/2021\/02\/15\/plano-de-saude-indenizara-cliente-apos-negar-tratamento-para-cancer\/#breadcrumb\"},\"inLanguage\":\"pt-BR\",\"potentialAction\":[{\"@type\":\"ReadAction\",\"target\":[\"https:\/\/www.bzh.adv.br\/site\/2021\/02\/15\/plano-de-saude-indenizara-cliente-apos-negar-tratamento-para-cancer\/\"]}]},{\"@type\":\"BreadcrumbList\",\"@id\":\"https:\/\/www.bzh.adv.br\/site\/2021\/02\/15\/plano-de-saude-indenizara-cliente-apos-negar-tratamento-para-cancer\/#breadcrumb\",\"itemListElement\":[{\"@type\":\"ListItem\",\"position\":1,\"name\":\"In\u00edcio\",\"item\":\"https:\/\/www.bzh.adv.br\/site\/\"},{\"@type\":\"ListItem\",\"position\":2,\"name\":\"Plano de sa\u00fade indenizar\u00e1 cliente ap\u00f3s negar tratamento para c\u00e2ncer\"}]},{\"@type\":\"Person\",\"@id\":\"https:\/\/www.bzh.adv.br\/site\/#\/schema\/person\/4ed5a2a10039d4b30c796b0478e7fa3a\",\"name\":\"Dr.Flaviano Tauscheck\",\"image\":{\"@type\":\"ImageObject\",\"@id\":\"https:\/\/www.bzh.adv.br\/site\/#personlogo\",\"inLanguage\":\"pt-BR\",\"url\":\"https:\/\/secure.gravatar.com\/avatar\/a77324f39240419e50d841be4a5a42dd138c07d3ab1523ab1c02c3b981822520?s=96&d=mm&r=g\",\"contentUrl\":\"https:\/\/secure.gravatar.com\/avatar\/a77324f39240419e50d841be4a5a42dd138c07d3ab1523ab1c02c3b981822520?s=96&d=mm&r=g\",\"caption\":\"Dr.Flaviano Tauscheck\"},\"url\":\"https:\/\/www.bzh.adv.br\/site\/author\/dr-flaviano-tauscheck\/\"}]}<\/script>\n<!-- \/ Yoast SEO plugin. -->","yoast_head_json":{"title":"Plano de sa\u00fade indenizar\u00e1 cliente ap\u00f3s negar tratamento para c\u00e2ncer - BZH","robots":{"index":"index","follow":"follow","max-snippet":"max-snippet:-1","max-image-preview":"max-image-preview:large","max-video-preview":"max-video-preview:-1"},"canonical":"https:\/\/www.bzh.adv.br\/site\/2021\/02\/15\/plano-de-saude-indenizara-cliente-apos-negar-tratamento-para-cancer\/","og_locale":"pt_BR","og_type":"article","og_title":"Plano de sa\u00fade indenizar\u00e1 cliente ap\u00f3s negar tratamento para c\u00e2ncer - BZH","og_description":"\u201cDiante da ang\u00fastia, do sofrimento, e da intranquilidade a que foi submetido\u201d um paciente que teve seu pedido negado por uma rede de planos de sa\u00fade para tratamento de c\u00e2ncer, a 3\u00aa c\u00e2mara de Direito Civil do TJ\/SC manteve,\u00a0por unanimidade,\u00a0decis\u00e3o que condenou a rede a pagar R$ 10 mil de indeniza\u00e7\u00e3o por danos morais ao &hellip; Plano de sa\u00fade indenizar\u00e1 cliente ap\u00f3s negar tratamento para c\u00e2ncer Leia mais &raquo;","og_url":"https:\/\/www.bzh.adv.br\/site\/2021\/02\/15\/plano-de-saude-indenizara-cliente-apos-negar-tratamento-para-cancer\/","og_site_name":"BZH","article_published_time":"2021-02-15T15:52:04+00:00","article_modified_time":"2021-12-06T19:49:00+00:00","og_image":[{"width":900,"height":350,"url":"https:\/\/www.bzh.adv.br\/site\/wp-content\/uploads\/2021\/02\/plano.jpg","type":"image\/jpeg"}],"twitter_card":"summary_large_image","twitter_misc":{"Escrito por":"Dr.Flaviano Tauscheck","Est. tempo de leitura":"2 minutos"},"schema":{"@context":"https:\/\/schema.org","@graph":[{"@type":"WebSite","@id":"https:\/\/www.bzh.adv.br\/site\/#website","url":"https:\/\/www.bzh.adv.br\/site\/","name":"BZH","description":"advogados","potentialAction":[{"@type":"SearchAction","target":{"@type":"EntryPoint","urlTemplate":"https:\/\/www.bzh.adv.br\/site\/?s={search_term_string}"},"query-input":"required name=search_term_string"}],"inLanguage":"pt-BR"},{"@type":"ImageObject","@id":"https:\/\/www.bzh.adv.br\/site\/2021\/02\/15\/plano-de-saude-indenizara-cliente-apos-negar-tratamento-para-cancer\/#primaryimage","inLanguage":"pt-BR","url":"https:\/\/www.bzh.adv.br\/site\/wp-content\/uploads\/2021\/02\/plano.jpg","contentUrl":"https:\/\/www.bzh.adv.br\/site\/wp-content\/uploads\/2021\/02\/plano.jpg","width":900,"height":350},{"@type":"WebPage","@id":"https:\/\/www.bzh.adv.br\/site\/2021\/02\/15\/plano-de-saude-indenizara-cliente-apos-negar-tratamento-para-cancer\/#webpage","url":"https:\/\/www.bzh.adv.br\/site\/2021\/02\/15\/plano-de-saude-indenizara-cliente-apos-negar-tratamento-para-cancer\/","name":"Plano de sa\u00fade indenizar\u00e1 cliente ap\u00f3s negar tratamento para c\u00e2ncer - BZH","isPartOf":{"@id":"https:\/\/www.bzh.adv.br\/site\/#website"},"primaryImageOfPage":{"@id":"https:\/\/www.bzh.adv.br\/site\/2021\/02\/15\/plano-de-saude-indenizara-cliente-apos-negar-tratamento-para-cancer\/#primaryimage"},"datePublished":"2021-02-15T15:52:04+00:00","dateModified":"2021-12-06T19:49:00+00:00","author":{"@id":"https:\/\/www.bzh.adv.br\/site\/#\/schema\/person\/4ed5a2a10039d4b30c796b0478e7fa3a"},"breadcrumb":{"@id":"https:\/\/www.bzh.adv.br\/site\/2021\/02\/15\/plano-de-saude-indenizara-cliente-apos-negar-tratamento-para-cancer\/#breadcrumb"},"inLanguage":"pt-BR","potentialAction":[{"@type":"ReadAction","target":["https:\/\/www.bzh.adv.br\/site\/2021\/02\/15\/plano-de-saude-indenizara-cliente-apos-negar-tratamento-para-cancer\/"]}]},{"@type":"BreadcrumbList","@id":"https:\/\/www.bzh.adv.br\/site\/2021\/02\/15\/plano-de-saude-indenizara-cliente-apos-negar-tratamento-para-cancer\/#breadcrumb","itemListElement":[{"@type":"ListItem","position":1,"name":"In\u00edcio","item":"https:\/\/www.bzh.adv.br\/site\/"},{"@type":"ListItem","position":2,"name":"Plano de sa\u00fade indenizar\u00e1 cliente ap\u00f3s negar tratamento para c\u00e2ncer"}]},{"@type":"Person","@id":"https:\/\/www.bzh.adv.br\/site\/#\/schema\/person\/4ed5a2a10039d4b30c796b0478e7fa3a","name":"Dr.Flaviano Tauscheck","image":{"@type":"ImageObject","@id":"https:\/\/www.bzh.adv.br\/site\/#personlogo","inLanguage":"pt-BR","url":"https:\/\/secure.gravatar.com\/avatar\/a77324f39240419e50d841be4a5a42dd138c07d3ab1523ab1c02c3b981822520?s=96&d=mm&r=g","contentUrl":"https:\/\/secure.gravatar.com\/avatar\/a77324f39240419e50d841be4a5a42dd138c07d3ab1523ab1c02c3b981822520?s=96&d=mm&r=g","caption":"Dr.Flaviano Tauscheck"},"url":"https:\/\/www.bzh.adv.br\/site\/author\/dr-flaviano-tauscheck\/"}]}},"uagb_featured_image_src":{"full":["https:\/\/www.bzh.adv.br\/site\/wp-content\/uploads\/2021\/02\/plano.jpg",900,350,false],"thumbnail":["https:\/\/www.bzh.adv.br\/site\/wp-content\/uploads\/2021\/02\/plano-150x150.jpg",150,150,true],"medium":["https:\/\/www.bzh.adv.br\/site\/wp-content\/uploads\/2021\/02\/plano-300x117.jpg",300,117,true],"medium_large":["https:\/\/www.bzh.adv.br\/site\/wp-content\/uploads\/2021\/02\/plano-768x299.jpg",768,299,true],"large":["https:\/\/www.bzh.adv.br\/site\/wp-content\/uploads\/2021\/02\/plano.jpg",900,350,false],"1536x1536":["https:\/\/www.bzh.adv.br\/site\/wp-content\/uploads\/2021\/02\/plano.jpg",900,350,false],"2048x2048":["https:\/\/www.bzh.adv.br\/site\/wp-content\/uploads\/2021\/02\/plano.jpg",900,350,false]},"uagb_author_info":{"display_name":"Dr.Flaviano Tauscheck","author_link":"https:\/\/www.bzh.adv.br\/site\/author\/dr-flaviano-tauscheck\/"},"uagb_comment_info":8,"uagb_excerpt":"\u201cDiante da ang\u00fastia, do sofrimento, e da intranquilidade a que foi submetido\u201d um paciente que teve seu pedido negado por uma rede de planos de sa\u00fade para tratamento de c\u00e2ncer, a 3\u00aa c\u00e2mara de Direito Civil do TJ\/SC manteve,\u00a0por unanimidade,\u00a0decis\u00e3o que condenou a rede a pagar R$ 10 mil de indeniza\u00e7\u00e3o por danos morais ao&hellip;","_links":{"self":[{"href":"https:\/\/www.bzh.adv.br\/site\/wp-json\/wp\/v2\/posts\/924","targetHints":{"allow":["GET"]}}],"collection":[{"href":"https:\/\/www.bzh.adv.br\/site\/wp-json\/wp\/v2\/posts"}],"about":[{"href":"https:\/\/www.bzh.adv.br\/site\/wp-json\/wp\/v2\/types\/post"}],"author":[{"embeddable":true,"href":"https:\/\/www.bzh.adv.br\/site\/wp-json\/wp\/v2\/users\/2"}],"replies":[{"embeddable":true,"href":"https:\/\/www.bzh.adv.br\/site\/wp-json\/wp\/v2\/comments?post=924"}],"version-history":[{"count":3,"href":"https:\/\/www.bzh.adv.br\/site\/wp-json\/wp\/v2\/posts\/924\/revisions"}],"predecessor-version":[{"id":2598,"href":"https:\/\/www.bzh.adv.br\/site\/wp-json\/wp\/v2\/posts\/924\/revisions\/2598"}],"wp:featuredmedia":[{"embeddable":true,"href":"https:\/\/www.bzh.adv.br\/site\/wp-json\/wp\/v2\/media\/1742"}],"wp:attachment":[{"href":"https:\/\/www.bzh.adv.br\/site\/wp-json\/wp\/v2\/media?parent=924"}],"wp:term":[{"taxonomy":"category","embeddable":true,"href":"https:\/\/www.bzh.adv.br\/site\/wp-json\/wp\/v2\/categories?post=924"},{"taxonomy":"post_tag","embeddable":true,"href":"https:\/\/www.bzh.adv.br\/site\/wp-json\/wp\/v2\/tags?post=924"}],"curies":[{"name":"wp","href":"https:\/\/api.w.org\/{rel}","templated":true}]}}